{"id":49,"date":"2021-04-20T21:18:54","date_gmt":"2021-04-20T21:18:54","guid":{"rendered":"https:\/\/polar.org.tr\/?p=49"},"modified":"2021-04-24T08:14:54","modified_gmt":"2021-04-24T08:14:54","slug":"yeni-yazimiz-var","status":"publish","type":"post","link":"https:\/\/polar.org.tr\/?p=49","title":{"rendered":"Ankara&#8217;n\u0131n Deprem Riski"},"content":{"rendered":"\n<p><strong>T\u00fcrkiye\u2019nin 1996 tarihli resmi Deprem B\u00f6lgeleri Haritas\u0131\u2019na bakt\u0131\u011f\u0131m\u0131zda, Ankara\u2019n\u0131n 4. Derecede Deprem B\u00f6lgesi\u2019nde oldu\u011fu g\u00f6r\u00fcl\u00fcyor.&nbsp;<\/strong><\/p>\n\n\n\n<p><strong>Eskiden yani 1996 tarihli resmi deprem b\u00f6lgeleri haritas\u0131nda d\u00f6rd\u00fcnc\u00fc derece deprem b\u00f6lgesinde g\u00f6sterilen Ankara (M), kent merkezinde olan il\u00e7elerin deprem tehlike parametreleri 2019 y\u0131l\u0131nda y\u00fcr\u00fcrl\u00fc\u011fe girmi\u015f olan harita ile %30 &#8211;&nbsp; %50 oran\u0131nda artm\u0131\u015ft\u0131r.<\/strong><\/p>\n","protected":false},"excerpt":{"rendered":"<p>T\u00fcrkiye\u2019nin 2019 y\u0131l\u0131nda y\u00fcr\u00fcrl\u00fc\u011fe girmi\u015f olan deprem tehlikesi haritas\u0131na bak\u0131ld\u0131\u011f\u0131nda Ankara&#8217;n\u0131n deprem riskinin %30 &#8211; %50 oran\u0131nda artt\u0131\u011f\u0131 g\u00f6r\u00fclmektedir.<\/p>\n","protected":false},"author":1,"featured_media":50,"comment_status":"open","ping_status":"open","sticky":false,"template":"","format":"standard","meta":{"footnotes":""},"categories":[4],"tags":[7,6],"class_list":["post-49","post","type-post","status-publish","format-standard","has-post-thumbnail","hentry","category-raporlar","tag-ankara-deprem-riski","tag-politika-notlari"],"_links":{"self":[{"href":"https:\/\/polar.org.tr\/index.php?rest_route=\/wp\/v2\/posts\/49","targetHints":{"allow":["GET"]}}],"collection":[{"href":"https:\/\/polar.org.tr\/index.php?rest_route=\/wp\/v2\/posts"}],"about":[{"href":"https:\/\/polar.org.tr\/index.php?rest_route=\/wp\/v2\/types\/post"}],"author":[{"embeddable":true,"href":"https:\/\/polar.org.tr\/index.php?rest_route=\/wp\/v2\/users\/1"}],"replies":[{"embeddable":true,"href":"https:\/\/polar.org.tr\/index.php?rest_route=%2Fwp%2Fv2%2Fcomments&post=49"}],"version-history":[{"count":3,"href":"https:\/\/polar.org.tr\/index.php?rest_route=\/wp\/v2\/posts\/49\/revisions"}],"predecessor-version":[{"id":74,"href":"https:\/\/polar.org.tr\/index.php?rest_route=\/wp\/v2\/posts\/49\/revisions\/74"}],"wp:featuredmedia":[{"embeddable":true,"href":"https:\/\/polar.org.tr\/index.php?rest_route=\/wp\/v2\/media\/50"}],"wp:attachment":[{"href":"https:\/\/polar.org.tr\/index.php?rest_route=%2Fwp%2Fv2%2Fmedia&parent=49"}],"wp:term":[{"taxonomy":"category","embeddable":true,"href":"https:\/\/polar.org.tr\/index.php?rest_route=%2Fwp%2Fv2%2Fcategories&post=49"},{"taxonomy":"post_tag","embeddable":true,"href":"https:\/\/polar.org.tr\/index.php?rest_route=%2Fwp%2Fv2%2Ftags&post=49"}],"curies":[{"name":"wp","href":"https:\/\/api.w.org\/{rel}","templated":true}]}}